{"id":4333,"date":"2018-02-15T13:03:57","date_gmt":"2018-02-15T13:03:57","guid":{"rendered":"https:\/\/fibrosisquistica.org\/?p=4333"},"modified":"2021-07-01T10:17:15","modified_gmt":"2021-07-01T10:17:15","slug":"zaragoza-acogera-el-vi-congreso-de-la-federacion-espanola-de-fibrosis-quistica","status":"publish","type":"post","link":"https:\/\/fibrosisquistica.org\/en\/zaragoza-acogera-el-vi-congreso-de-la-federacion-espanola-de-fibrosis-quistica\/","title":{"rendered":"Zaragoza acoger\u00e1 el VI Congreso de la Federaci\u00f3n Espa\u00f1ola de Fibrosis Qu\u00edstica"},"content":{"rendered":"<p>La Federaci\u00f3n Espa\u00f1ola de Fibrosis Qu\u00edstica celebra cada dos a\u00f1os un congreso nacional en el que agrupa a personas con Fibrosis Qu\u00edstica, familiares y profesionales relacionados con la enfermedad. El objetivo de este congreso es dar a conocer las \u00faltimas novedades relacionadas con la Fibrosis Qu\u00edstica en un momento especialmente esperanzador como el actual, en el que est\u00e1n apareciendo nuevos tratamientos que frenar\u00edan el avance de la enfermedad.<\/p>\n<p>Este a\u00f1o el congreso tendr\u00e1 lugar en la C\u00e1mara de Comercio de Zaragoza (Paseo Isabel la Cat\u00f3lica, 2) los d\u00edas 15, 16 y 17 de junio de 2018. En breve abriremos las inscripciones con los pasos a seguir para todo aquel que est\u00e9 interesado en asistir.<\/p>\n<p>El programa preliminar del congreso, sobre el que todav\u00eda se est\u00e1 trabajando, es el siguiente:<\/p>\n<p><strong><u>Viernes, 15 de junio<br \/>\n<\/u><\/strong>19.00 Recepci\u00f3n (Asociaci\u00f3n\u00a0Aragonesa de FQ\u00a0y comisi\u00f3n ejecutiva de la Federaci\u00f3n)<br \/>\n20.00 Actividad l\u00fadica en la zona por cortes\u00eda de la Asociaci\u00f3n Aragonesa de FQ<br \/>\n21.30 Cena de ponentes<\/p>\n<p><strong><u>S\u00e1bado, 16 de junio<\/u><\/strong><br \/>\n09.00 &#8211; 09.30\u00a0 Inscripci\u00f3n y entrega de documentaci\u00f3n<br \/>\n09.30 &#8211; 9.50\u00a0 Sesi\u00f3n de apertura y saludo de personalidades.<br \/>\n09.50 &#8211; 10.20 Conferencia inaugural: Gen\u00e9tica de la FQ y nuevos tratamientos<br \/>\n10:20 &#8211; 10:30 Coloquio<br \/>\n10:30 &#8211; 11:30 Comunicaci\u00f3n de p\u00f3sters<br \/>\n11:30 &#8211; 11.50 Pausa caf\u00e9<\/p>\n<p><strong>MESAS SIMULT\u00c1NEAS<\/strong><strong><br \/>\n11.50 a 13.45- Trasplantados<\/strong><\/p>\n<ul>\n<li>Aspectos m\u00e9dicos de inter\u00e9s en el trasplante.<\/li>\n<li>Beneficios psicol\u00f3gicos del trasplante.<\/li>\n<li>Ejercicio f\u00edsico en trasplantados.<\/li>\n<li>Experiencias: Deporte y Fibrosis Qu\u00edstica<\/li>\n<li>Coloquio<\/li>\n<\/ul>\n<p><strong>11.50 \u00a0a 13.45 &#8211; Infecciones<\/strong><\/p>\n<ul>\n<li>Aspergilosis y tratamiento.<\/li>\n<li>Infecciones emergentes y resistencia a los antibi\u00f3ticos. Caso de la Mycobacterium abcessus.<\/li>\n<li>Cuidados durante y despu\u00e9s de la infecci\u00f3n. Recomendable fisioterapia y ejercicio f\u00edsico.<\/li>\n<li>Experiencias: Moduladores CFTR y Fibrosis Qu\u00edstica<\/li>\n<li>Coloquio<\/li>\n<\/ul>\n<p><strong>13.45-15.30 Comida de trabajo con el experto<\/strong><\/p>\n<p><strong>MESA COM\u00daN<br \/>\n<\/strong><strong>15.30 -16.10 \u00a0\u201cDonantes de ganas\u201d<\/strong><\/p>\n<ul>\n<li>Lucha contra el sedentarismo.<\/li>\n<li>Presentaci\u00f3n del estudio multic\u00e9ntrico y relanzamiento campa\u00f1a<\/li>\n<\/ul>\n<p><strong>16.10 -18:00 \u00a0TALLERES SIMULT\u00c1NEOS<\/strong><\/p>\n<p><strong>Sala 1 El ejercicio f\u00edsico en la enfermedad cr\u00f3nica FQ<br \/>\n<\/strong><strong>Sala 2 Reci\u00e9n diagnosticados<br \/>\n<\/strong><strong>Sala 3 Cocina saludable<\/strong><\/p>\n<p>18:00 -19.30 Conferencia motivacional<br \/>\n19.45 &#8211; 20.30 Tiempo para tratamientos<br \/>\n21.30 &#8211; Cena de clausura<\/p>\n<p><strong><u>Domingo, 17 de junio<\/u><\/strong><\/p>\n<p><strong>9.30 \u2013 11.20\u00a0 Actualidad en Fibrosis Qu\u00edstica<\/strong><\/p>\n<ul>\n<li>30-10.00 Registro europeo y espa\u00f1ol de pacientes.<\/li>\n<li>00-10.30 Investigaci\u00f3n de tratamientos: Del ensayo al suministro<strong>. <\/strong><\/li>\n<li>30-11.00. Aplicaci\u00f3n m\u00f3vil para la administraci\u00f3n de enzimas: MyCFapp.<\/li>\n<li>Coloquio<\/li>\n<\/ul>\n<p>11.20-11.50 \u00a0Pausa caf\u00e9<br \/>\n11.50-13.00 \u00a0Conferencia de clausura<br \/>\n13.00-13.20 Acto de clausura<\/p>","protected":false},"excerpt":{"rendered":"<p>La Federaci\u00f3n Espa\u00f1ola de Fibrosis&#8230;<\/p>","protected":false},"author":22,"featured_media":10311,"comment_status":"closed","ping_status":"closed","sticky":false,"template":"","format":"standard","meta":{"_acf_changed":false,"footnotes":""},"categories":[8,51],"tags":[],"class_list":{"0":"post-4333","1":"post","2":"type-post","3":"status-publish","4":"format-standard","5":"has-post-thumbnail","7":"category-federacion","8":"category-formacion"},"acf":[],"_links":{"self":[{"href":"https:\/\/fibrosisquistica.org\/en\/wp-json\/wp\/v2\/posts\/4333","targetHints":{"allow":["GET"]}}],"collection":[{"href":"https:\/\/fibrosisquistica.org\/en\/wp-json\/wp\/v2\/posts"}],"about":[{"href":"https:\/\/fibrosisquistica.org\/en\/wp-json\/wp\/v2\/types\/post"}],"author":[{"embeddable":true,"href":"https:\/\/fibrosisquistica.org\/en\/wp-json\/wp\/v2\/users\/22"}],"replies":[{"embeddable":true,"href":"https:\/\/fibrosisquistica.org\/en\/wp-json\/wp\/v2\/comments?post=4333"}],"version-history":[{"count":1,"href":"https:\/\/fibrosisquistica.org\/en\/wp-json\/wp\/v2\/posts\/4333\/revisions"}],"predecessor-version":[{"id":11880,"href":"https:\/\/fibrosisquistica.org\/en\/wp-json\/wp\/v2\/posts\/4333\/revisions\/11880"}],"wp:featuredmedia":[{"embeddable":true,"href":"https:\/\/fibrosisquistica.org\/en\/wp-json\/wp\/v2\/media\/10311"}],"wp:attachment":[{"href":"https:\/\/fibrosisquistica.org\/en\/wp-json\/wp\/v2\/media?parent=4333"}],"wp:term":[{"taxonomy":"category","embeddable":true,"href":"https:\/\/fibrosisquistica.org\/en\/wp-json\/wp\/v2\/categories?post=4333"},{"taxonomy":"post_tag","embeddable":true,"href":"https:\/\/fibrosisquistica.org\/en\/wp-json\/wp\/v2\/tags?post=4333"}],"curies":[{"name":"wp","href":"https:\/\/api.w.org\/{rel}","templated":true}]}}