{"id":4343,"date":"2018-02-16T12:58:15","date_gmt":"2018-02-16T12:58:15","guid":{"rendered":"https:\/\/fibrosisquistica.org\/?p=4343"},"modified":"2021-06-30T10:32:26","modified_gmt":"2021-06-30T10:32:26","slug":"la-asociacion-castellano-leonesa-de-fq-prepara-unos-encuentros-motivacionales-de-deporte-y-fibrosis-quistica","status":"publish","type":"post","link":"https:\/\/fibrosisquistica.org\/en\/la-asociacion-castellano-leonesa-de-fq-prepara-unos-encuentros-motivacionales-de-deporte-y-fibrosis-quistica\/","title":{"rendered":"La Asociaci\u00f3n Castellano-Leonesa de FQ prepara unos encuentros motivacionales de deporte y Fibrosis Qu\u00edstica"},"content":{"rendered":"<p>La Asociaci\u00f3n Castellano-Leonesa contra la Fibrosis Qu\u00edstica organiza un encuentro los pr\u00f3ximos\u00a0d\u00edas<strong> 24 y 25 de marzo\u00a0de 2018 en el\u00a0Centro de Referencia Estatal de Enfermedades Raras (CREER) de Burgos<\/strong>, ubicado en el Paseo de los Comendadores.<\/p>\n<p>El evento, que lleva por t\u00edtulo <strong>\u201cFibrosis Qu\u00edstica, Deporte y Vida: Encuentros motivacionales y de aprendizaje para fiquis y familiares\u201d<\/strong>, comenzar\u00e1 el s\u00e1bado 24 de marzo a las 9:30 horas y abordar\u00e1 principalmente\u00a0el deporte como pilar fundamental en el manejo de la enfermedad, en las distintas etapas de la misma.<\/p>\n<p>El\u00a0periodo de inscripci\u00f3n para las jornadas est\u00e1 abierto\u00a0a la participaci\u00f3n de personas de toda Espa\u00f1a, con prioridad para los socios de la Asociaci\u00f3n Castellano-Leonesa contra la Fibrosis Qu\u00edstica.\u00a0Las jornadas ser\u00e1n gratuitas, aunque se solicitar\u00e1 el abono de una fianza en el momento de la inscripci\u00f3n, que se devolver\u00e1 all\u00ed.<\/p>\n<p>La inscripci\u00f3n se puede realizar tambi\u00e9n con opci\u00f3n de alojamiento gratuito y comidas en el mismo centro CREER. Pod\u00e9is consultar las opciones de inscripci\u00f3n y pasos a seguir, as\u00ed como el programa del encuentro, en el siguiente enlace: <a href=\"https:\/\/www.fqcastillayleon.org\/fibrosis-quistica-deporte-y-vida-encuentros-motivacionales-para-fiquis-y-familiares\" rel=\"nofollow noopener\" target=\"_blank\">https:\/\/www.fqcastillayleon.org\/fibrosis-quistica-deporte-y-vida-encuentros-motivacionales-para-fiquis-y-familiares<\/a><\/p>\n<p>Debido al riesgo de infecciones cruzadas, no podr\u00e1n asistir al encuentro las personas con MRSA o Burkholderia Cepacia. Por ello, la jornada del s\u00e1bado se retransmitir\u00e1 v\u00eda streaming y se habilitar\u00e1 un n\u00famero de tel\u00e9fono y whatsapp para que las personas que no puedan asistir, tengan la opci\u00f3n de ver las ponencias y participar en ellas telef\u00f3nicamente.<\/p>\n<p><strong>M\u00e1s informaci\u00f3n:<\/strong> <a href=\"http:\/\/www.fqcastillayleon.org\" rel=\"nofollow noopener\" target=\"_blank\">www.fqcastillayleon.org<\/a><\/p>\n<p><a href=\"https:\/\/fibrosisquistica.org\/wp-content\/uploads\/2018\/02\/fq-burgos18.jpg\" rel=\"attachment wp-att-4345\"><img loading=\"lazy\" decoding=\"async\" class=\"alignnone size-full wp-image-4345\" src=\"https:\/\/fibrosisquistica.org\/wp-content\/uploads\/2018\/02\/fq-burgos18.jpg\" alt=\"fq-burgos18\" width=\"1000\" height=\"1415\" title=\"\"><\/a><\/p>","protected":false},"excerpt":{"rendered":"<p>La Asociaci\u00f3n Castellano-Leonesa contra la&#8230;<\/p>","protected":false},"author":22,"featured_media":10360,"comment_status":"closed","ping_status":"closed","sticky":false,"template":"","format":"standard","meta":{"_acf_changed":false,"footnotes":""},"categories":[72,51],"tags":[],"class_list":{"0":"post-4343","1":"post","2":"type-post","3":"status-publish","4":"format-standard","5":"has-post-thumbnail","7":"category-asociaciones","8":"category-formacion"},"acf":[],"_links":{"self":[{"href":"https:\/\/fibrosisquistica.org\/en\/wp-json\/wp\/v2\/posts\/4343","targetHints":{"allow":["GET"]}}],"collection":[{"href":"https:\/\/fibrosisquistica.org\/en\/wp-json\/wp\/v2\/posts"}],"about":[{"href":"https:\/\/fibrosisquistica.org\/en\/wp-json\/wp\/v2\/types\/post"}],"author":[{"embeddable":true,"href":"https:\/\/fibrosisquistica.org\/en\/wp-json\/wp\/v2\/users\/22"}],"replies":[{"embeddable":true,"href":"https:\/\/fibrosisquistica.org\/en\/wp-json\/wp\/v2\/comments?post=4343"}],"version-history":[{"count":1,"href":"https:\/\/fibrosisquistica.org\/en\/wp-json\/wp\/v2\/posts\/4343\/revisions"}],"predecessor-version":[{"id":11877,"href":"https:\/\/fibrosisquistica.org\/en\/wp-json\/wp\/v2\/posts\/4343\/revisions\/11877"}],"wp:featuredmedia":[{"embeddable":true,"href":"https:\/\/fibrosisquistica.org\/en\/wp-json\/wp\/v2\/media\/10360"}],"wp:attachment":[{"href":"https:\/\/fibrosisquistica.org\/en\/wp-json\/wp\/v2\/media?parent=4343"}],"wp:term":[{"taxonomy":"category","embeddable":true,"href":"https:\/\/fibrosisquistica.org\/en\/wp-json\/wp\/v2\/categories?post=4343"},{"taxonomy":"post_tag","embeddable":true,"href":"https:\/\/fibrosisquistica.org\/en\/wp-json\/wp\/v2\/tags?post=4343"}],"curies":[{"name":"wp","href":"https:\/\/api.w.org\/{rel}","templated":true}]}}