{"id":4811,"date":"2018-06-19T11:35:09","date_gmt":"2018-06-19T11:35:09","guid":{"rendered":"https:\/\/fibrosisquistica.org\/?p=4811"},"modified":"2021-06-29T10:46:14","modified_gmt":"2021-06-29T10:46:14","slug":"cocemfe-lanza-su-programa-de-vacaciones-2018","status":"publish","type":"post","link":"https:\/\/fibrosisquistica.org\/en\/cocemfe-lanza-su-programa-de-vacaciones-2018\/","title":{"rendered":"COCEMFE lanza su Programa de Vacaciones 2018"},"content":{"rendered":"<p>La\u00a0Confederaci\u00f3n Espa\u00f1ola de Personas con Discapacidad F\u00edsica y Org\u00e1nica\u00a0(COCEMFE) ha puesto en marcha su Programa\u00a0<strong>\u2018Vacaciones COCEMFE 2018\u2019<\/strong>, iniciativa que, financiada por el\u00a0<a href=\"http:\/\/www.imserso.es\/imserso_01\/index.htm\" rel=\"nofollow noopener\" target=\"_blank\">Instituto de Mayores y Servicios Sociales<\/a>\u00a0(IMSERSO) y\u00a0<a href=\"http:\/\/www.fundaciononce.es\/ES\/Paginas\/Portada.aspx\" rel=\"nofollow noopener\" target=\"_blank\">Fundaci\u00f3n ONCE<\/a>, permitir\u00e1 a cerca de<strong>\u00a01.650 personas<\/strong>\u00a0ejercer su derecho al ocio y disfrutar de unas\u00a0<strong>vacaciones adaptadas<\/strong>\u00a0en destinos de primera categor\u00eda.<\/p>\n<p>Como destaca Anxo Queiruga, presidente de COCEMFE, \u201ces muy importante que se lleven a cabo acciones como este Programa de Vacaciones, pues la oferta tur\u00edstica para nuestro grupo social es bastante\u00a0<strong>limitada<\/strong>\u00a0y con\u00a0<strong>precios m\u00e1s altos<\/strong>, ya que por falta de\u00a0<strong>accesibilidad<\/strong>\u00a0nos vemos en la obligaci\u00f3n de descartar destinos m\u00e1s econ\u00f3micos o incluso gratuitos, como podr\u00edan ser viviendas de\u00a0<strong>amistades y familiares<\/strong>\u201d.<\/p>\n<p>As\u00ed, contin\u00faa Anxo Queiruga, \u201ccon el \u2018Programa de Vacaciones de COCEMFE\u2019 pretendemos que el mayor n\u00famero de\u00a0<strong>personas con discapacidad<\/strong>\u00a0pueda ejercer su\u00a0<strong>derecho al ocio<\/strong>, sobre todo aquellas que por su situaci\u00f3n personal o\u00a0<strong>circunstancias socioecon\u00f3micas<\/strong>\u00a0no tendr\u00edan posibilidades de viajar\u201d.<\/p>\n<p>El programa se desarrollar\u00e1 entre los meses de\u00a0<strong>junio y diciembre<\/strong>\u00a0y contemplar\u00e1 un total de\u00a0<strong>39 turnos<\/strong>\u00a0de vacaciones: 26 de\u00a0<strong>playas<\/strong>, turismo de interior y naturaleza; siete en\u00a0<strong>balnearios<\/strong>; tres de\u00a0<strong>termalismo<\/strong>; siete con destino a\u00a0<strong>islas<\/strong>; y tres turnos \u2018Especial COCEMFE\u2019 \u2013Fuengirola (M\u00e1laga), Almu\u00f1\u00e9car (Granada) y Ceuta\u2013 en los que podr\u00e1 participar cualquier persona con independencia de que haya viajado o vaya a viajar durante el Programa 2018 o su ampliaci\u00f3n.<\/p>\n<p>Este Programa de Vacaciones facilita desde\u00a0<strong>1986<\/strong>\u00a0unas\u00a0<strong>vacaciones accesibles<\/strong>\u00a0en condiciones de\u00a0<strong>igualdad<\/strong>\u00a0a personas con discapacidad f\u00edsica y org\u00e1nica y sus familias que tienen m\u00e1s dificultades para viajar, ya sea por tener reducidos\u00a0<strong>ingresos<\/strong>\u00a0o un elevado grado de discapacidad. Desde que lleva en funcionamiento este programa, han viajado con COCEMFE\u00a0<strong>m\u00e1s de 41.000 personas<\/strong>.<\/p>\n<p>M\u00e1s informaci\u00f3n:\u00a0<a href=\"http:\/\/www.cocemfe.es\/vacaciones\/\" target=\"_blank\" rel=\"noopener noreferrer nofollow\">www.cocemfe.es\/vacaciones<\/a><\/p>","protected":false},"excerpt":{"rendered":"<p>La\u00a0Confederaci\u00f3n Espa\u00f1ola de Personas con&#8230;<\/p>","protected":false},"author":22,"featured_media":10296,"comment_status":"closed","ping_status":"closed","sticky":false,"template":"","format":"standard","meta":{"_acf_changed":false,"footnotes":""},"categories":[76],"tags":[],"class_list":{"0":"post-4811","1":"post","2":"type-post","3":"status-publish","4":"format-standard","5":"has-post-thumbnail","7":"category-discapacidad"},"acf":[],"_links":{"self":[{"href":"https:\/\/fibrosisquistica.org\/en\/wp-json\/wp\/v2\/posts\/4811","targetHints":{"allow":["GET"]}}],"collection":[{"href":"https:\/\/fibrosisquistica.org\/en\/wp-json\/wp\/v2\/posts"}],"about":[{"href":"https:\/\/fibrosisquistica.org\/en\/wp-json\/wp\/v2\/types\/post"}],"author":[{"embeddable":true,"href":"https:\/\/fibrosisquistica.org\/en\/wp-json\/wp\/v2\/users\/22"}],"replies":[{"embeddable":true,"href":"https:\/\/fibrosisquistica.org\/en\/wp-json\/wp\/v2\/comments?post=4811"}],"version-history":[{"count":1,"href":"https:\/\/fibrosisquistica.org\/en\/wp-json\/wp\/v2\/posts\/4811\/revisions"}],"predecessor-version":[{"id":11856,"href":"https:\/\/fibrosisquistica.org\/en\/wp-json\/wp\/v2\/posts\/4811\/revisions\/11856"}],"wp:featuredmedia":[{"embeddable":true,"href":"https:\/\/fibrosisquistica.org\/en\/wp-json\/wp\/v2\/media\/10296"}],"wp:attachment":[{"href":"https:\/\/fibrosisquistica.org\/en\/wp-json\/wp\/v2\/media?parent=4811"}],"wp:term":[{"taxonomy":"category","embeddable":true,"href":"https:\/\/fibrosisquistica.org\/en\/wp-json\/wp\/v2\/categories?post=4811"},{"taxonomy":"post_tag","embeddable":true,"href":"https:\/\/fibrosisquistica.org\/en\/wp-json\/wp\/v2\/tags?post=4811"}],"curies":[{"name":"wp","href":"https:\/\/api.w.org\/{rel}","templated":true}]}}