{"id":5345,"date":"2018-12-17T15:02:04","date_gmt":"2018-12-17T15:02:04","guid":{"rendered":"https:\/\/fibrosisquistica.org\/?p=5345"},"modified":"2021-06-21T09:30:16","modified_gmt":"2021-06-21T09:30:16","slug":"disponible-en-video-la-jornada-investigacion-y-nuevos-tratamientos-en-fibrosis-quistica","status":"publish","type":"post","link":"https:\/\/fibrosisquistica.org\/en\/disponible-en-video-la-jornada-investigacion-y-nuevos-tratamientos-en-fibrosis-quistica\/","title":{"rendered":"Disponible en v\u00eddeo la jornada \u201cInvestigaci\u00f3n y nuevos tratamientos en Fibrosis Qu\u00edstica\u00bb"},"content":{"rendered":"<p>La Universidad de Burgos, en colaboraci\u00f3n con el Centro de Referencia Estatal de Enfermedades Raras (CREER), celebr\u00f3 el pasado\u00a04 de diciembre la jornada <strong>\u201cInvestigaci\u00f3n y nuevos tratamientos en Fibrosis Qu\u00edstica\u201d.<\/strong> Esta jornada,\u00a0dirigida a asociaciones y pacientes, as\u00ed como a profesionales del sector, tuvo como objetivo presentar y establecer un debate sobre los avances terap\u00e9uticos que se est\u00e1n realizando actualmente en el \u00e1mbito de la Fibrosis Qu\u00edstica. Entre ellos, se presentaron los resultados precl\u00ednicos obtenidos en el\u00a0proyecto europeo\u00a0<a href=\"https:\/\/tat-cf.eu\/\" rel=\"nofollow noopener\" target=\"_blank\">TAT-CF<\/a>, liderado por la Universidad de Burgos.<\/p>\n<p>A continuaci\u00f3n os dejamos los enlaces a cada una de las ponencias en v\u00eddeo,\u00a0publicadas por la Universidad de Burgos en su canal Youtube.<\/p>\n<ul>\n<li><strong><a href=\"https:\/\/youtu.be\/WC4t0dH8JOI\" target=\"_blank\" rel=\"noopener noreferrer nofollow\">Gen\u00e9tica de la FQ y Nuevos tratamientos<\/a>. <\/strong> Carmen Prior. Instituto de Gen\u00e9tica M\u00e9dica y Molecular (INGEMM) &#8211; Hospital Universitario La Paz (Madrid).<\/li>\n<li><strong><a href=\"https:\/\/youtu.be\/qWfKMw252to\" target=\"_blank\" rel=\"noopener noreferrer nofollow\">Moduladores CFTR y Fibrosis Qu\u00edstica<\/a>.<\/strong> Pedro Mond\u00e9jar L\u00f3pez. Unidad de neumolog\u00eda pedi\u00e1trica y Fibrosis Qu\u00edstica del Hospital virgen de la Arrixaca (Murcia).<\/li>\n<li><strong><a href=\"https:\/\/youtu.be\/4mfUqOI0HUo\" target=\"_blank\" rel=\"noopener noreferrer nofollow\">Estrategias farmacol\u00f3gicas para la correcci\u00f3n del defecto b\u00e1sico en la fibrosis qu\u00edstica<\/a>.<\/strong> Luis Galietta. Instituto Telethon de Gen\u00e9tica y Medicina (Italia).<\/li>\n<li><strong><a href=\"https:\/\/youtu.be\/Y9VEkKR4d5Q\" target=\"_blank\" rel=\"noopener noreferrer nofollow\">Proyecto TAT-CF: Nuevos enfoques terap\u00e9uticos para el tratamiento de la fibrosis qu\u00edstica basados en mol\u00e9culas peque\u00f1as transportadoras transmembrana de aniones<\/a>.<\/strong> Roberto Quesada. Departamento de Qu\u00edmica Org\u00e1nica de la Universidad de Burgos.<\/li>\n<li><strong><a href=\"https:\/\/youtu.be\/oRw107HE8vc\" target=\"_blank\" rel=\"noopener noreferrer nofollow\">Desarrollo de nuevos f\u00e1rmacos: de la investigaci\u00f3n a la comercializaci\u00f3n<\/a>.<\/strong> \u00c1ngel del Pozo. Praxis Pharmaceutical S.A.<\/li>\n<li><strong><a href=\"https:\/\/youtu.be\/M8YKfbBOpME\" target=\"_blank\" rel=\"noopener noreferrer nofollow\">Avances tecnol\u00f3gicos en la detecci\u00f3n y seguimiento de la FQ<\/a>.<\/strong>\n<ul>\n<li><strong>Aplicaci\u00f3n de nuevas tecnolog\u00edas a la salud: MyCyFAAP.<\/strong>Mar\u00eda Garriga. Hospital Universitario Ram\u00f3n y Cajal (Madrid).<\/li>\n<li><strong>Sensores polim\u00e9ricos para la detecci\u00f3n de cloruros en el sudor humano y su aplicaci\u00f3n al diagn\u00f3stico de la FQ.<\/strong> Sa\u00fal Vallejos. Departamento Qu\u00edmica de la Universidad de Burgos.<\/li>\n<\/ul>\n<\/li>\n<\/ul>\n<p>&nbsp;<\/p>\n<p>&nbsp;<\/p>","protected":false},"excerpt":{"rendered":"<p>La Universidad de Burgos, en&#8230;<\/p>","protected":false},"author":22,"featured_media":10199,"comment_status":"closed","ping_status":"closed","sticky":false,"template":"","format":"standard","meta":{"_acf_changed":false,"footnotes":""},"categories":[64,29],"tags":[],"class_list":{"0":"post-5345","1":"post","2":"type-post","3":"status-publish","4":"format-standard","5":"has-post-thumbnail","7":"category-investigacion","8":"category-tratamiento"},"acf":[],"_links":{"self":[{"href":"https:\/\/fibrosisquistica.org\/en\/wp-json\/wp\/v2\/posts\/5345","targetHints":{"allow":["GET"]}}],"collection":[{"href":"https:\/\/fibrosisquistica.org\/en\/wp-json\/wp\/v2\/posts"}],"about":[{"href":"https:\/\/fibrosisquistica.org\/en\/wp-json\/wp\/v2\/types\/post"}],"author":[{"embeddable":true,"href":"https:\/\/fibrosisquistica.org\/en\/wp-json\/wp\/v2\/users\/22"}],"replies":[{"embeddable":true,"href":"https:\/\/fibrosisquistica.org\/en\/wp-json\/wp\/v2\/comments?post=5345"}],"version-history":[{"count":1,"href":"https:\/\/fibrosisquistica.org\/en\/wp-json\/wp\/v2\/posts\/5345\/revisions"}],"predecessor-version":[{"id":11662,"href":"https:\/\/fibrosisquistica.org\/en\/wp-json\/wp\/v2\/posts\/5345\/revisions\/11662"}],"wp:featuredmedia":[{"embeddable":true,"href":"https:\/\/fibrosisquistica.org\/en\/wp-json\/wp\/v2\/media\/10199"}],"wp:attachment":[{"href":"https:\/\/fibrosisquistica.org\/en\/wp-json\/wp\/v2\/media?parent=5345"}],"wp:term":[{"taxonomy":"category","embeddable":true,"href":"https:\/\/fibrosisquistica.org\/en\/wp-json\/wp\/v2\/categories?post=5345"},{"taxonomy":"post_tag","embeddable":true,"href":"https:\/\/fibrosisquistica.org\/en\/wp-json\/wp\/v2\/tags?post=5345"}],"curies":[{"name":"wp","href":"https:\/\/api.w.org\/{rel}","templated":true}]}}