{"id":5633,"date":"2019-03-20T10:55:32","date_gmt":"2019-03-20T10:55:32","guid":{"rendered":"https:\/\/fibrosisquistica.org\/?p=5633"},"modified":"2021-06-21T09:15:03","modified_gmt":"2021-06-21T09:15:03","slug":"participa-en-el-estudio-enfermedad-cronica-y-discapacidad-realizado-por-la-pop","status":"publish","type":"post","link":"https:\/\/fibrosisquistica.org\/en\/participa-en-el-estudio-enfermedad-cronica-y-discapacidad-realizado-por-la-pop\/","title":{"rendered":"Participa en el estudio \u2018Enfermedad cr\u00f3nica y discapacidad\u2019 realizado por la POP"},"content":{"rendered":"<p>La Plataforma de Organizaciones de Pacientes (POP) ha puesto en marcha un estudio sobre <strong>Enfermedad Cr\u00f3nica y Discapacidad<\/strong>, que pretende analizar la <strong>brecha de g\u00e9nero <\/strong>en las patolog\u00edas cr\u00f3nicas a trav\u00e9s del an\u00e1lisis del impacto laboral y social de la enfermedad. El estudio se dirige tanto a hombres como mujeres con una enfermedad cr\u00f3nica, mayores de 18 a\u00f1os.<\/p>\n<p>Se trata del primer estudio de esta envergadura en Espa\u00f1a y que tiene el gran valor de estar impulsado por las propias organizaciones de pacientes y cuenta con la colaboraci\u00f3n t\u00e9cnica de la Universidad Complutense de Madrid.<\/p>\n<p>Para que sea un estudio con alto nivel de representaci\u00f3n estad\u00edstica, se pretende reclutar una muestra de <strong>2.400 encuestas distribuidas entre Comunidades Aut\u00f3nomas. <\/strong>Adem\u00e1s, es importante tambi\u00e9n mantener un criterio de distribuci\u00f3n del total de la muestra entre las diferentes patolog\u00edas. En concreto, para <strong>las enfermedades raras se necesitan 120 encuestas<\/strong>.<\/p>\n<p>Ya se ha abierto el cuestionario online y est\u00e1 disponible en <a href=\"https:\/\/seprovis.limequery.com\/693333?lang=es\" rel=\"nofollow noopener\" target=\"_blank\">https:\/\/seprovis.limequery.com\/693333?lang=es<\/a><\/p>\n<p><strong>Vuestra colaboraci\u00f3n es esencial. \u00a1Muchas gracias por participar!<\/strong><\/p>\n<p>&nbsp;<\/p>","protected":false},"excerpt":{"rendered":"<p>La Plataforma de Organizaciones de&#8230;<\/p>","protected":false},"author":22,"featured_media":10154,"comment_status":"closed","ping_status":"closed","sticky":false,"template":"","format":"standard","meta":{"_acf_changed":false,"footnotes":""},"categories":[76,8],"tags":[],"class_list":{"0":"post-5633","1":"post","2":"type-post","3":"status-publish","4":"format-standard","5":"has-post-thumbnail","7":"category-discapacidad","8":"category-federacion"},"acf":[],"_links":{"self":[{"href":"https:\/\/fibrosisquistica.org\/en\/wp-json\/wp\/v2\/posts\/5633","targetHints":{"allow":["GET"]}}],"collection":[{"href":"https:\/\/fibrosisquistica.org\/en\/wp-json\/wp\/v2\/posts"}],"about":[{"href":"https:\/\/fibrosisquistica.org\/en\/wp-json\/wp\/v2\/types\/post"}],"author":[{"embeddable":true,"href":"https:\/\/fibrosisquistica.org\/en\/wp-json\/wp\/v2\/users\/22"}],"replies":[{"embeddable":true,"href":"https:\/\/fibrosisquistica.org\/en\/wp-json\/wp\/v2\/comments?post=5633"}],"version-history":[{"count":1,"href":"https:\/\/fibrosisquistica.org\/en\/wp-json\/wp\/v2\/posts\/5633\/revisions"}],"predecessor-version":[{"id":11642,"href":"https:\/\/fibrosisquistica.org\/en\/wp-json\/wp\/v2\/posts\/5633\/revisions\/11642"}],"wp:featuredmedia":[{"embeddable":true,"href":"https:\/\/fibrosisquistica.org\/en\/wp-json\/wp\/v2\/media\/10154"}],"wp:attachment":[{"href":"https:\/\/fibrosisquistica.org\/en\/wp-json\/wp\/v2\/media?parent=5633"}],"wp:term":[{"taxonomy":"category","embeddable":true,"href":"https:\/\/fibrosisquistica.org\/en\/wp-json\/wp\/v2\/categories?post=5633"},{"taxonomy":"post_tag","embeddable":true,"href":"https:\/\/fibrosisquistica.org\/en\/wp-json\/wp\/v2\/tags?post=5633"}],"curies":[{"name":"wp","href":"https:\/\/api.w.org\/{rel}","templated":true}]}}