{"id":6291,"date":"2019-09-25T10:20:10","date_gmt":"2019-09-25T10:20:10","guid":{"rendered":"https:\/\/fibrosisquistica.org\/?p=6291"},"modified":"2021-04-21T12:30:55","modified_gmt":"2021-04-21T12:30:55","slug":"participa-en-los-xi-kilometros-solidarios-contra-la-fibrosis-quistica","status":"publish","type":"post","link":"https:\/\/fibrosisquistica.org\/en\/participa-en-los-xi-kilometros-solidarios-contra-la-fibrosis-quistica\/","title":{"rendered":"Participa en los XI Kil\u00f3metros solidarios contra la Fibrosis Qu\u00edstica"},"content":{"rendered":"<p>La Fundaci\u00f3n Respiralia y la Asociaci\u00f3n Balear de Fibrosis Qu\u00edstica organizan la XI edici\u00f3n de los\u00a0<span class=\"markkt4ggg06d\" data-markjs=\"true\" data-ogac=\"\" data-ogab=\"\" data-ogsc=\"\" data-ogsb=\"\">Kil\u00f3metros<\/span>\u00a0<span class=\"mark8wcgxg6il\" data-markjs=\"true\" data-ogac=\"\" data-ogab=\"\" data-ogsc=\"\" data-ogsb=\"\">solidarios<\/span>\u00a0contra la Fibrosis Qu\u00edstica. Ser\u00e1 el domingo 29 de septiembre\u00a0con un nuevo recorrido desde el parking del Puerto del Portitxol hasta Es Carnatge.<\/p>\n<p>Es una carrera solidaria no competitiva, en la que las personas interesadas pueden participar corriendo, andando o incluso en patines (si van a velocidad de una persona paseando). El objetivo es dar a conocer la Fibrosis Qu\u00edstica y recaudar fondos para ofrecer los mejores servicios a ni\u00f1os, ni\u00f1as y j\u00f3venes con Fibrosis Qu\u00edstica de la Fundaci\u00f3n Respiralia y de la Asociaci\u00f3n Balear de Fibrosis Qu\u00edstica.<\/p>\n<p>Puedes hacer de 5 km a 40 km en un circuito entre el Portitxol y Es Carnatge (Palma), entre las 09:30 y las 13:00 horas.<\/p>\n<p>Habr\u00e1 una salida oficial a las 09:30 para participantes de distancia igual o superior a 15 km y a las 10:00 para el resto, pero si no puedes ir a estas horas, no pasa nada. Puedes salir cuando quieras mientras termines tu recorrido a las 13:00 horas. Ve a andar con tu beb\u00e9, con tu abuelo o abuela, a entrenarte para otra carrera o simplemente a pasar una ma\u00f1ana de domingo solidaria en familia.<\/p>\n<p>Las inscripciones ser\u00e1n a trav\u00e9s de <a href=\"https:\/\/l.facebook.com\/l.php?u=http%3A%2F%2FElitechip.net%2F%3Ffbclid%3DIwAR2oKP2AD5nD6vFM0C8VASyDVnDF9z2gXT6xLWa3JJzEmgUm0rbU_3n4biw&amp;h=AT3K1aKwjc8wGEPqWD3WBONtW43LnnqgBw86fyL_yHiT_7aXQIlZOCuu9SojDqFPr_WeS7MAERDjEybZhwcWFTFZ2eEm7ogI-b4788Db0IH8S0lsdSwerbacqbmdSo915Zzr\" target=\"_blank\" rel=\"nofollow noopener noreferrer\" data-lynx-mode=\"hover\">Elitechip.net<\/a> (precios seg\u00fan distancia) hasta el viernes 27 de septiembre y el mismo domingo en la zona de salida con un recargo de 2,00 \u20ac.<\/p>\n<p>Adem\u00e1s, a las 12:00\u00a0se organizar\u00e1 una carrera de unos 700 metros para ni\u00f1os y ni\u00f1as hasta 10 a\u00f1os en la zona de aparcamiento del Puerto del Portitxol (inscripciones a 2,00 \u20ac ah\u00ed mismo a partir de las 11:00 horas).<\/p>\n<p>\u00bfTe animas?<\/p>","protected":false},"excerpt":{"rendered":"<p>La Fundaci\u00f3n Respiralia y la&#8230;<\/p>","protected":false},"author":22,"featured_media":10068,"comment_status":"closed","ping_status":"closed","sticky":false,"template":"","format":"standard","meta":{"_acf_changed":false,"footnotes":""},"categories":[72],"tags":[],"class_list":{"0":"post-6291","1":"post","2":"type-post","3":"status-publish","4":"format-standard","5":"has-post-thumbnail","7":"category-asociaciones"},"acf":[],"_links":{"self":[{"href":"https:\/\/fibrosisquistica.org\/en\/wp-json\/wp\/v2\/posts\/6291","targetHints":{"allow":["GET"]}}],"collection":[{"href":"https:\/\/fibrosisquistica.org\/en\/wp-json\/wp\/v2\/posts"}],"about":[{"href":"https:\/\/fibrosisquistica.org\/en\/wp-json\/wp\/v2\/types\/post"}],"author":[{"embeddable":true,"href":"https:\/\/fibrosisquistica.org\/en\/wp-json\/wp\/v2\/users\/22"}],"replies":[{"embeddable":true,"href":"https:\/\/fibrosisquistica.org\/en\/wp-json\/wp\/v2\/comments?post=6291"}],"version-history":[{"count":1,"href":"https:\/\/fibrosisquistica.org\/en\/wp-json\/wp\/v2\/posts\/6291\/revisions"}],"predecessor-version":[{"id":11345,"href":"https:\/\/fibrosisquistica.org\/en\/wp-json\/wp\/v2\/posts\/6291\/revisions\/11345"}],"wp:featuredmedia":[{"embeddable":true,"href":"https:\/\/fibrosisquistica.org\/en\/wp-json\/wp\/v2\/media\/10068"}],"wp:attachment":[{"href":"https:\/\/fibrosisquistica.org\/en\/wp-json\/wp\/v2\/media?parent=6291"}],"wp:term":[{"taxonomy":"category","embeddable":true,"href":"https:\/\/fibrosisquistica.org\/en\/wp-json\/wp\/v2\/categories?post=6291"},{"taxonomy":"post_tag","embeddable":true,"href":"https:\/\/fibrosisquistica.org\/en\/wp-json\/wp\/v2\/tags?post=6291"}],"curies":[{"name":"wp","href":"https:\/\/api.w.org\/{rel}","templated":true}]}}