{"id":6297,"date":"2019-10-15T12:37:06","date_gmt":"2019-10-15T12:37:06","guid":{"rendered":"https:\/\/fibrosisquistica.org\/?p=6297"},"modified":"2021-04-21T12:29:32","modified_gmt":"2021-04-21T12:29:32","slug":"pamplona-acogera-el-vii-congreso-de-la-federacion-espanola-de-fibrosis-quistica","status":"publish","type":"post","link":"https:\/\/fibrosisquistica.org\/en\/pamplona-acogera-el-vii-congreso-de-la-federacion-espanola-de-fibrosis-quistica\/","title":{"rendered":"Pamplona acoger\u00e1 el VII Congreso de la Federaci\u00f3n Espa\u00f1ola de Fibrosis Qu\u00edstica"},"content":{"rendered":"<p>Como sab\u00e9is, la Federaci\u00f3n Espa\u00f1ola de Fibrosis Qu\u00edstica celebra cada dos a\u00f1os un congreso nacional en el que agrupa a personas con Fibrosis Qu\u00edstica, familiares y profesionales relacionados con la enfermedad. El objetivo de este congreso es dar a conocer las \u00faltimas novedades relacionadas con la Fibrosis Qu\u00edstica.<\/p>\n<p>Esta vez el congreso tendr\u00e1 lugar en <strong>Pamplona<\/strong> los d\u00edas <strong>30 y 31 de mayo de 2020<\/strong>, por lo que la FEFQ contar\u00e1 con el apoyo de la Asociaci\u00f3n Navarra de FQ para su organizaci\u00f3n.<\/p>\n<p>Os mantendremos informados de todas las novedades referentes a este pr\u00f3ximo congreso para que todo aquel que est\u00e9 interesado pueda asistir o seguirlo por <em>streaming<\/em>.<\/p>","protected":false},"excerpt":{"rendered":"<p>Como sab\u00e9is, la Federaci\u00f3n Espa\u00f1ola&#8230;<\/p>","protected":false},"author":22,"featured_media":10039,"comment_status":"closed","ping_status":"closed","sticky":false,"template":"","format":"standard","meta":{"_acf_changed":false,"footnotes":""},"categories":[8,51],"tags":[],"class_list":{"0":"post-6297","1":"post","2":"type-post","3":"status-publish","4":"format-standard","5":"has-post-thumbnail","7":"category-federacion","8":"category-formacion"},"acf":[],"_links":{"self":[{"href":"https:\/\/fibrosisquistica.org\/en\/wp-json\/wp\/v2\/posts\/6297","targetHints":{"allow":["GET"]}}],"collection":[{"href":"https:\/\/fibrosisquistica.org\/en\/wp-json\/wp\/v2\/posts"}],"about":[{"href":"https:\/\/fibrosisquistica.org\/en\/wp-json\/wp\/v2\/types\/post"}],"author":[{"embeddable":true,"href":"https:\/\/fibrosisquistica.org\/en\/wp-json\/wp\/v2\/users\/22"}],"replies":[{"embeddable":true,"href":"https:\/\/fibrosisquistica.org\/en\/wp-json\/wp\/v2\/comments?post=6297"}],"version-history":[{"count":1,"href":"https:\/\/fibrosisquistica.org\/en\/wp-json\/wp\/v2\/posts\/6297\/revisions"}],"predecessor-version":[{"id":11343,"href":"https:\/\/fibrosisquistica.org\/en\/wp-json\/wp\/v2\/posts\/6297\/revisions\/11343"}],"wp:featuredmedia":[{"embeddable":true,"href":"https:\/\/fibrosisquistica.org\/en\/wp-json\/wp\/v2\/media\/10039"}],"wp:attachment":[{"href":"https:\/\/fibrosisquistica.org\/en\/wp-json\/wp\/v2\/media?parent=6297"}],"wp:term":[{"taxonomy":"category","embeddable":true,"href":"https:\/\/fibrosisquistica.org\/en\/wp-json\/wp\/v2\/categories?post=6297"},{"taxonomy":"post_tag","embeddable":true,"href":"https:\/\/fibrosisquistica.org\/en\/wp-json\/wp\/v2\/tags?post=6297"}],"curies":[{"name":"wp","href":"https:\/\/api.w.org\/{rel}","templated":true}]}}