{"id":6363,"date":"2019-11-22T10:58:55","date_gmt":"2019-11-22T10:58:55","guid":{"rendered":"https:\/\/fibrosisquistica.org\/?p=6363"},"modified":"2021-04-21T08:13:55","modified_gmt":"2021-04-21T08:13:55","slug":"ya-podeis-leer-online-el-numero-88-de-nuestra-revista-fq","status":"publish","type":"post","link":"https:\/\/fibrosisquistica.org\/en\/ya-podeis-leer-online-el-numero-88-de-nuestra-revista-fq\/","title":{"rendered":"Ya pod\u00e9is leer online el n\u00famero 88 de nuestra Revista FQ"},"content":{"rendered":"<p>Ya pod\u00e9is leer\u00a0<em>online<\/em>\u00a0el\u00a0n\u00famero 88 de nuestra Revista FQ, correspondiente al\u00a0tercer cuatrimestre de 2019, donde hablamos del reciente acuerdo de financiaci\u00f3n para los medicamentos Orkambi y Symkevi en nuestro pa\u00eds, as\u00ed como de la aprobaci\u00f3n en EE.UU. del triple combo de Vertex (Trikafta) para personas con Fibrosis Qu\u00edstica con una mutaci\u00f3n F508del, entre otros muchos temas.<\/p>\n<p style=\"text-align: center;\"><strong><a href=\"https:\/\/issuu.com\/fqprensa\/docs\/revista_fq_88\" target=\"_blank\" rel=\"noopener noreferrer nofollow\">LEER REVISTA N\u00ba 88<\/a><\/strong><\/p>\n<p>Tambi\u00e9n pod\u00e9is descargaros la revista (en calidad media) pinchando <a href=\"https:\/\/fibrosisquistica.org\/wp-content\/uploads\/2019\/11\/Revista-FQ-88-calidad-media.pdf\" rel=\"\">aqu\u00ed<\/a><strong>.<\/strong> Os recordamos que pod\u00e9is\u00a0leer las revistas editadas por la Federaci\u00f3n en los \u00faltimos a\u00f1os en\u00a0<a href=\"https:\/\/fibrosisquistica.org\/en\/revistas-fq\/\"><strong>esta secci\u00f3n<\/strong><\/a>.<\/p>","protected":false},"excerpt":{"rendered":"<p>Ya pod\u00e9is leer\u00a0online\u00a0el\u00a0n\u00famero 88 de&#8230;<\/p>","protected":false},"author":22,"featured_media":10048,"comment_status":"closed","ping_status":"closed","sticky":false,"template":"","format":"standard","meta":{"_acf_changed":false,"footnotes":""},"categories":[8,77],"tags":[],"class_list":{"0":"post-6363","1":"post","2":"type-post","3":"status-publish","4":"format-standard","5":"has-post-thumbnail","7":"category-federacion","8":"category-sensibilizacion"},"acf":[],"_links":{"self":[{"href":"https:\/\/fibrosisquistica.org\/en\/wp-json\/wp\/v2\/posts\/6363","targetHints":{"allow":["GET"]}}],"collection":[{"href":"https:\/\/fibrosisquistica.org\/en\/wp-json\/wp\/v2\/posts"}],"about":[{"href":"https:\/\/fibrosisquistica.org\/en\/wp-json\/wp\/v2\/types\/post"}],"author":[{"embeddable":true,"href":"https:\/\/fibrosisquistica.org\/en\/wp-json\/wp\/v2\/users\/22"}],"replies":[{"embeddable":true,"href":"https:\/\/fibrosisquistica.org\/en\/wp-json\/wp\/v2\/comments?post=6363"}],"version-history":[{"count":1,"href":"https:\/\/fibrosisquistica.org\/en\/wp-json\/wp\/v2\/posts\/6363\/revisions"}],"predecessor-version":[{"id":11330,"href":"https:\/\/fibrosisquistica.org\/en\/wp-json\/wp\/v2\/posts\/6363\/revisions\/11330"}],"wp:featuredmedia":[{"embeddable":true,"href":"https:\/\/fibrosisquistica.org\/en\/wp-json\/wp\/v2\/media\/10048"}],"wp:attachment":[{"href":"https:\/\/fibrosisquistica.org\/en\/wp-json\/wp\/v2\/media?parent=6363"}],"wp:term":[{"taxonomy":"category","embeddable":true,"href":"https:\/\/fibrosisquistica.org\/en\/wp-json\/wp\/v2\/categories?post=6363"},{"taxonomy":"post_tag","embeddable":true,"href":"https:\/\/fibrosisquistica.org\/en\/wp-json\/wp\/v2\/tags?post=6363"}],"curies":[{"name":"wp","href":"https:\/\/api.w.org\/{rel}","templated":true}]}}