{"id":73811,"date":"2024-12-05T11:29:38","date_gmt":"2024-12-05T11:29:38","guid":{"rendered":"https:\/\/fibrosisquistica.org\/?p=73811"},"modified":"2024-12-05T11:29:40","modified_gmt":"2024-12-05T11:29:40","slug":"cf-europe-pide-a-la-agencia-europea-de-medicamentos-que-amplie-el-acceso-a-kaftrio-para-todas-las-variantes-de-la-fq","status":"publish","type":"post","link":"https:\/\/fibrosisquistica.org\/en\/cf-europe-pide-a-la-agencia-europea-de-medicamentos-que-amplie-el-acceso-a-kaftrio-para-todas-las-variantes-de-la-fq\/","title":{"rendered":"CF Europe pide a la Agencia Europea de Medicamentos que ampl\u00ede el acceso a Kaftrio para todas las variantes de la FQ"},"content":{"rendered":"<p>CF Europe, a la cual pertenece la Federaci\u00f3n Espa\u00f1ola de FQ y que representa a las asociaciones de personas con fibrosis qu\u00edstica de toda Europa, insta al Comit\u00e9 de Medicamentos de Uso Humano (CHMP) de la Agencia Europea de Medicamentos (EMA) a ampliar el acceso a Kaftrio para todas las personas con FQ, independientemente de su variante gen\u00e9tica.<\/p>\n\n\n\n<p>Actualmente, los tratamientos como Kaftrio se aprueban en funci\u00f3n de la evidencia vinculada a variantes gen\u00e9ticas espec\u00edficas, lo que deja a muchos pacientes con mutaciones raras excluidos de terapias innovadoras.<\/p>\n\n\n\n<p><strong>Evidencia cl\u00ednica s\u00f3lida y llamadas a la acci\u00f3n<\/strong><\/p>\n\n\n\n<p>Un estudio franc\u00e9s reciente, dirigido por el profesor Pierre-R\u00e9gis Burgel, demostr\u00f3 que m\u00e1s del 50% de las personas con FQ cuyas mutaciones no est\u00e1n cubiertas por las indicaciones actuales de Kaftrio se benefician del tratamiento. Este hallazgo ha permitido a los pacientes en Francia acceder a Kaftrio a trav\u00e9s de per\u00edodos de prueba y evaluaciones cl\u00ednicas, gracias a la defensa de las organizaciones de pacientes y los centros de FQ.<\/p>\n\n\n\n<p>Sin embargo, en muchos otros pa\u00edses europeos, los pacientes siguen siendo excluidos. Francesca Farma, madre de un ni\u00f1o con fibrosis qu\u00edstica, comparti\u00f3 su desgarradora experiencia: \u201cSaber que un medicamento aprobado podr\u00eda transformar la vida de mi hijo, pero verlo bajo revisi\u00f3n durante m\u00e1s de un a\u00f1o, es insoportable. Mientras tanto, su condici\u00f3n empeora. Esto es inhumano\u201d.<\/p>\n\n\n\n<p><strong>Una llamada a un enfoque centrado en el paciente<\/strong><\/p>\n\n\n\n<p>CF Europe pide al CHMP que adopte un proceso de evaluaci\u00f3n m\u00e1s inclusivo, centr\u00e1ndose en la evidencia a nivel de la prote\u00edna CFTR en lugar de solo en las variantes gen\u00e9ticas. Este enfoque acelerar\u00eda el acceso a tratamientos que salvan vidas para todos aquellos que podr\u00edan beneficiarse.<\/p>\n\n\n\n<p>\u201cDebemos cambiar la forma en que aprobamos terapias innovadoras. Detr\u00e1s de los datos y los expedientes hay vidas reales, y cada d\u00eda de retraso puede tener consecuencias irreversibles\u201d, dijo Hilde De Keyser, CEO de CF Europe.<\/p>\n\n\n\n<p>CF Europe mantiene su compromiso de trabajar en estrecha colaboraci\u00f3n con los organismos reguladores y las organizaciones de pacientes para garantizar el acceso igualitario a tratamientos que cambian la vida para todas las personas con fibrosis qu\u00edstica.<\/p>\n\n\n\n<p><strong>M\u00e1s informaci\u00f3n:<\/strong> <a href=\"https:\/\/www.cf-europe.eu\/cf-europe-calls-on-chmp-to-expand-access-to-kaftrio-for-all-cf-variants\" rel=\"nofollow noopener\" target=\"_blank\">https:\/\/www.cf-europe.eu\/cf-europe-calls-on-chmp-to-expand-access-to-kaftrio-for-all-cf-variants<\/a><\/p>","protected":false},"excerpt":{"rendered":"<p>CF Europe, a la cual&#8230;<\/p>","protected":false},"author":22,"featured_media":73812,"comment_status":"closed","ping_status":"closed","sticky":false,"template":"","format":"standard","meta":{"_acf_changed":false,"footnotes":""},"categories":[74,29],"tags":[],"class_list":{"0":"post-73811","1":"post","2":"type-post","3":"status-publish","4":"format-standard","5":"has-post-thumbnail","7":"category-reivindicacion","8":"category-tratamiento"},"acf":[],"_links":{"self":[{"href":"https:\/\/fibrosisquistica.org\/en\/wp-json\/wp\/v2\/posts\/73811","targetHints":{"allow":["GET"]}}],"collection":[{"href":"https:\/\/fibrosisquistica.org\/en\/wp-json\/wp\/v2\/posts"}],"about":[{"href":"https:\/\/fibrosisquistica.org\/en\/wp-json\/wp\/v2\/types\/post"}],"author":[{"embeddable":true,"href":"https:\/\/fibrosisquistica.org\/en\/wp-json\/wp\/v2\/users\/22"}],"replies":[{"embeddable":true,"href":"https:\/\/fibrosisquistica.org\/en\/wp-json\/wp\/v2\/comments?post=73811"}],"version-history":[{"count":1,"href":"https:\/\/fibrosisquistica.org\/en\/wp-json\/wp\/v2\/posts\/73811\/revisions"}],"predecessor-version":[{"id":73813,"href":"https:\/\/fibrosisquistica.org\/en\/wp-json\/wp\/v2\/posts\/73811\/revisions\/73813"}],"wp:featuredmedia":[{"embeddable":true,"href":"https:\/\/fibrosisquistica.org\/en\/wp-json\/wp\/v2\/media\/73812"}],"wp:attachment":[{"href":"https:\/\/fibrosisquistica.org\/en\/wp-json\/wp\/v2\/media?parent=73811"}],"wp:term":[{"taxonomy":"category","embeddable":true,"href":"https:\/\/fibrosisquistica.org\/en\/wp-json\/wp\/v2\/categories?post=73811"},{"taxonomy":"post_tag","embeddable":true,"href":"https:\/\/fibrosisquistica.org\/en\/wp-json\/wp\/v2\/tags?post=73811"}],"curies":[{"name":"wp","href":"https:\/\/api.w.org\/{rel}","templated":true}]}}