{"id":75144,"date":"2025-05-13T10:14:27","date_gmt":"2025-05-13T10:14:27","guid":{"rendered":"https:\/\/fibrosisquistica.org\/?p=75144"},"modified":"2025-05-13T10:14:29","modified_gmt":"2025-05-13T10:14:29","slug":"la-federacion-espanola-de-fq-recibe-una-donacion-tecnologica-de-bilbomatica-s-a-a-traves-del-programa-punto-tech-del-grupo-altia","status":"publish","type":"post","link":"https:\/\/fibrosisquistica.org\/en\/la-federacion-espanola-de-fq-recibe-una-donacion-tecnologica-de-bilbomatica-s-a-a-traves-del-programa-punto-tech-del-grupo-altia\/","title":{"rendered":"La Federaci\u00f3n Espa\u00f1ola de FQ recibe una donaci\u00f3n tecnol\u00f3gica de Bilbom\u00e1tica, S.A. a trav\u00e9s del programa Punto.Tech del Grupo Altia"},"content":{"rendered":"<p>(<strong>Pie de foto:<\/strong> <em>Juan Da Silva, presidente de la Federaci\u00f3n Espa\u00f1ola de Fibrosis Qu\u00edstica con los equipos donados por Bilbom\u00e1tica, S.A.<\/em>)<\/p>\n\n\n\n<p>La Federaci\u00f3n Espa\u00f1ola de Fibrosis Qu\u00edstica ha recibido una donaci\u00f3n de material inform\u00e1tico por parte de la empresa <strong>Bilbom\u00e1tica, S.A.<\/strong>, dentro del marco de su programa <strong>#punto.tech<\/strong>, una iniciativa del <strong>Grupo Altia<\/strong> que refleja su compromiso con la sostenibilidad y la solidaridad.<\/p>\n\n\n\n<p>Esta colaboraci\u00f3n ha permitido a la Federaci\u00f3n disponer de cuatro equipos inform\u00e1ticos completos que ya han sido distribuidos entre las asociaciones miembro que previamente hab\u00edan trasladado su necesidad de este tipo de equipamiento: la <strong>Asociaci\u00f3n Gallega de Fibrosis Qu\u00edstica<\/strong>, la <strong>Asociaci\u00f3n Castellano-Manchega de Fibrosis Qu\u00edstica<\/strong>, la <strong>Asociaci\u00f3n C\u00e1ntabra de Fibrosis Qu\u00edstica<\/strong> y la <strong>Asociaci\u00f3n Asturiana de Fibrosis Qu\u00edstica<\/strong>.<\/p>\n\n\n\n<p>Los equipos donados por Bilbom\u00e1tica, S.A. son ordenadores <strong>Dell Optiplex 3040<\/strong>, equipados con procesadores Intel i5, 16 GB de RAM y discos duros de 500 GB. Estos equipos han sido formateados y enviados sin sistema operativo ni perif\u00e9ricos, dejando a cada asociaci\u00f3n instalar el software y los complementos necesarios. Para facilitarlo, se ha recomendado el uso del portal <a class=\"\" href=\"https:\/\/www.techsoup.es\" rel=\"nofollow noopener\" target=\"_blank\">www.techsoup.es<\/a>, donde las entidades del Tercer Sector pueden adquirir licencias de software a precios reducidos.<\/p>\n\n\n\n<p>Desde la Federaci\u00f3n, queremos agradecer a <strong>Bilbom\u00e1tica, S.A.<\/strong>, al programa <strong>#punto.tech<\/strong> y al <strong>Grupo Altia<\/strong> por esta acci\u00f3n solidaria que permitir\u00e1 a nuestras asociaciones mejorar su capacidad operativa y seguir prestando apoyo a las personas con fibrosis qu\u00edstica y sus familias.<\/p>","protected":false},"excerpt":{"rendered":"<p>(Pie de foto: Juan Da&#8230;<\/p>","protected":false},"author":22,"featured_media":75145,"comment_status":"closed","ping_status":"closed","sticky":false,"template":"","format":"standard","meta":{"_acf_changed":false,"footnotes":""},"categories":[8,72],"tags":[],"class_list":{"0":"post-75144","1":"post","2":"type-post","3":"status-publish","4":"format-standard","5":"has-post-thumbnail","7":"category-federacion","8":"category-asociaciones"},"acf":[],"_links":{"self":[{"href":"https:\/\/fibrosisquistica.org\/en\/wp-json\/wp\/v2\/posts\/75144","targetHints":{"allow":["GET"]}}],"collection":[{"href":"https:\/\/fibrosisquistica.org\/en\/wp-json\/wp\/v2\/posts"}],"about":[{"href":"https:\/\/fibrosisquistica.org\/en\/wp-json\/wp\/v2\/types\/post"}],"author":[{"embeddable":true,"href":"https:\/\/fibrosisquistica.org\/en\/wp-json\/wp\/v2\/users\/22"}],"replies":[{"embeddable":true,"href":"https:\/\/fibrosisquistica.org\/en\/wp-json\/wp\/v2\/comments?post=75144"}],"version-history":[{"count":3,"href":"https:\/\/fibrosisquistica.org\/en\/wp-json\/wp\/v2\/posts\/75144\/revisions"}],"predecessor-version":[{"id":75148,"href":"https:\/\/fibrosisquistica.org\/en\/wp-json\/wp\/v2\/posts\/75144\/revisions\/75148"}],"wp:featuredmedia":[{"embeddable":true,"href":"https:\/\/fibrosisquistica.org\/en\/wp-json\/wp\/v2\/media\/75145"}],"wp:attachment":[{"href":"https:\/\/fibrosisquistica.org\/en\/wp-json\/wp\/v2\/media?parent=75144"}],"wp:term":[{"taxonomy":"category","embeddable":true,"href":"https:\/\/fibrosisquistica.org\/en\/wp-json\/wp\/v2\/categories?post=75144"},{"taxonomy":"post_tag","embeddable":true,"href":"https:\/\/fibrosisquistica.org\/en\/wp-json\/wp\/v2\/tags?post=75144"}],"curies":[{"name":"wp","href":"https:\/\/api.w.org\/{rel}","templated":true}]}}