{"id":75528,"date":"2025-09-09T13:46:15","date_gmt":"2025-09-09T13:46:15","guid":{"rendered":"https:\/\/fibrosisquistica.org\/?p=75528"},"modified":"2025-09-09T13:46:17","modified_gmt":"2025-09-09T13:46:17","slug":"el-gobierno-aprueba-un-anteproyecto-de-ley-que-prohibe-fumar-y-vapear-a-menores-y-amplia-los-espacios-libres-de-humo","status":"publish","type":"post","link":"https:\/\/fibrosisquistica.org\/en\/el-gobierno-aprueba-un-anteproyecto-de-ley-que-prohibe-fumar-y-vapear-a-menores-y-amplia-los-espacios-libres-de-humo\/","title":{"rendered":"El Gobierno aprueba un anteproyecto de ley que proh\u00edbe fumar y vapear a menores y ampl\u00eda los espacios libres de humo"},"content":{"rendered":"<p>El Consejo de Ministros ha aprobado un <strong>Anteproyecto de Ley del Tabaco<\/strong>, que modifica la Ley 28\/2005 de medidas sanitarias frente al tabaquismo. Esta reforma introduce una prohibici\u00f3n expl\u00edcita del consumo de tabaco y productos relacionados, como cigarrillos electr\u00f3nicos (con o sin nicotina), bolsitas de nicotina, dispositivos de tabaco calentado, y productos a base de hierbas como las shishas, por parte de menores de edad. Hasta ahora, la normativa solo prohib\u00eda su venta o entrega.<\/p>\n\n\n\n<p>Adem\u00e1s de reforzar la protecci\u00f3n de la infancia y adolescencia, <strong>la ley ampl\u00eda los espacios donde queda prohibido fumar o vapear<\/strong>. Se incluyen espacios p\u00fablicos cerrados y varios entornos exteriores: terrazas de bares, recintos de espect\u00e1culos, instalaciones deportivas, parques infantiles, estaciones de transporte, centros educativos, veh\u00edculos con conductor, y otras zonas de uso colectivo.<\/p>\n\n\n\n<p>El anteproyecto refuerza tambi\u00e9n las <strong>restricciones a la publicidad<\/strong>, promoci\u00f3n y patrocinio de productos del tabaco y derivados, prohibiendo cualquier tipo de comunicaci\u00f3n comercial directa o indirecta, incluidos medios digitales, equipamientos urbanos y materiales en espacios de ocio. <\/p>\n\n\n\n<p>Al tratarse de un <strong>anteproyecto<\/strong>, esta normativa a\u00fan debe seguir su proceso legislativo. Tras su aprobaci\u00f3n en el Consejo de Ministros, el texto ser\u00e1 sometido a tramitaci\u00f3n parlamentaria, donde podr\u00e1n formularse enmiendas (como la posible inclusi\u00f3n del empaquetado gen\u00e9rico, que a\u00fan no ha sido incorporado, aunque no se descarta durante la tramitaci\u00f3n). Solo despu\u00e9s de su debate, votaci\u00f3n y aprobaci\u00f3n en el Congreso, entrar\u00e1 en vigor como ley.<\/p>\n\n\n\n<p>La <strong>Federaci\u00f3n Espa\u00f1ola de Fibrosis Qu\u00edstica (FEFQ)<\/strong> apoya esta iniciativa que busca reducir la exposici\u00f3n al humo y limitar la accesibilidad de los productos de vapeo y otros dispositivos a la poblaci\u00f3n joven.<\/p>\n\n\n\n<p>Las personas con <strong>fibrosis qu\u00edstica y otras enfermedades respiratorias<\/strong> son especialmente vulnerables a los efectos del humo y de las part\u00edculas emisoras de dispositivos de vapeo. Limitar el acceso a estos productos y ampliar los espacios sin humo contribuye a mejorar la calidad del aire y a proteger la salud de la poblaci\u00f3n vulnerable.<\/p>","protected":false},"excerpt":{"rendered":"<p>El Consejo de Ministros ha&#8230;<\/p>","protected":false},"author":22,"featured_media":75529,"comment_status":"closed","ping_status":"closed","sticky":false,"template":"","format":"standard","meta":{"_acf_changed":false,"footnotes":""},"categories":[74,77],"tags":[],"class_list":{"0":"post-75528","1":"post","2":"type-post","3":"status-publish","4":"format-standard","5":"has-post-thumbnail","7":"category-reivindicacion","8":"category-sensibilizacion"},"acf":[],"_links":{"self":[{"href":"https:\/\/fibrosisquistica.org\/en\/wp-json\/wp\/v2\/posts\/75528","targetHints":{"allow":["GET"]}}],"collection":[{"href":"https:\/\/fibrosisquistica.org\/en\/wp-json\/wp\/v2\/posts"}],"about":[{"href":"https:\/\/fibrosisquistica.org\/en\/wp-json\/wp\/v2\/types\/post"}],"author":[{"embeddable":true,"href":"https:\/\/fibrosisquistica.org\/en\/wp-json\/wp\/v2\/users\/22"}],"replies":[{"embeddable":true,"href":"https:\/\/fibrosisquistica.org\/en\/wp-json\/wp\/v2\/comments?post=75528"}],"version-history":[{"count":2,"href":"https:\/\/fibrosisquistica.org\/en\/wp-json\/wp\/v2\/posts\/75528\/revisions"}],"predecessor-version":[{"id":75531,"href":"https:\/\/fibrosisquistica.org\/en\/wp-json\/wp\/v2\/posts\/75528\/revisions\/75531"}],"wp:featuredmedia":[{"embeddable":true,"href":"https:\/\/fibrosisquistica.org\/en\/wp-json\/wp\/v2\/media\/75529"}],"wp:attachment":[{"href":"https:\/\/fibrosisquistica.org\/en\/wp-json\/wp\/v2\/media?parent=75528"}],"wp:term":[{"taxonomy":"category","embeddable":true,"href":"https:\/\/fibrosisquistica.org\/en\/wp-json\/wp\/v2\/categories?post=75528"},{"taxonomy":"post_tag","embeddable":true,"href":"https:\/\/fibrosisquistica.org\/en\/wp-json\/wp\/v2\/tags?post=75528"}],"curies":[{"name":"wp","href":"https:\/\/api.w.org\/{rel}","templated":true}]}}