{"id":76202,"date":"2025-12-19T10:39:18","date_gmt":"2025-12-19T10:39:18","guid":{"rendered":"https:\/\/fibrosisquistica.org\/?p=76202"},"modified":"2025-12-19T10:39:20","modified_gmt":"2025-12-19T10:39:20","slug":"la-federacion-espanola-de-fibrosis-quistica-os-desea-felices-fiestas-y-un-2026-lleno-de-esperanza","status":"publish","type":"post","link":"https:\/\/fibrosisquistica.org\/en\/la-federacion-espanola-de-fibrosis-quistica-os-desea-felices-fiestas-y-un-2026-lleno-de-esperanza\/","title":{"rendered":"La Federaci\u00f3n Espa\u00f1ola de Fibrosis Qu\u00edstica os desea Felices Fiestas y un 2026 lleno de esperanza"},"content":{"rendered":"<p><strong>En la Federaci\u00f3n Espa\u00f1ola de Fibrosis Qu\u00edstica avanzamos conjuntamente, celebrando los tratamientos que ya iluminan muchas vidas y manteniendo encendida la esperanza para quienes a\u00fan esperan una estrella propia.<\/strong><\/p>\n\n\n\n<p><strong>Gracias por caminar a nuestro lado. \u00a1Os deseamos unas FELICES FIESTAS y un 2026 lleno de avances para todas las personas!<\/strong><\/p>","protected":false},"excerpt":{"rendered":"<p>En la Federaci\u00f3n Espa\u00f1ola de&#8230;<\/p>","protected":false},"author":22,"featured_media":76203,"comment_status":"closed","ping_status":"closed","sticky":false,"template":"","format":"standard","meta":{"_acf_changed":false,"footnotes":""},"categories":[8],"tags":[],"class_list":{"0":"post-76202","1":"post","2":"type-post","3":"status-publish","4":"format-standard","5":"has-post-thumbnail","7":"category-federacion"},"acf":[],"_links":{"self":[{"href":"https:\/\/fibrosisquistica.org\/en\/wp-json\/wp\/v2\/posts\/76202","targetHints":{"allow":["GET"]}}],"collection":[{"href":"https:\/\/fibrosisquistica.org\/en\/wp-json\/wp\/v2\/posts"}],"about":[{"href":"https:\/\/fibrosisquistica.org\/en\/wp-json\/wp\/v2\/types\/post"}],"author":[{"embeddable":true,"href":"https:\/\/fibrosisquistica.org\/en\/wp-json\/wp\/v2\/users\/22"}],"replies":[{"embeddable":true,"href":"https:\/\/fibrosisquistica.org\/en\/wp-json\/wp\/v2\/comments?post=76202"}],"version-history":[{"count":1,"href":"https:\/\/fibrosisquistica.org\/en\/wp-json\/wp\/v2\/posts\/76202\/revisions"}],"predecessor-version":[{"id":76204,"href":"https:\/\/fibrosisquistica.org\/en\/wp-json\/wp\/v2\/posts\/76202\/revisions\/76204"}],"wp:featuredmedia":[{"embeddable":true,"href":"https:\/\/fibrosisquistica.org\/en\/wp-json\/wp\/v2\/media\/76203"}],"wp:attachment":[{"href":"https:\/\/fibrosisquistica.org\/en\/wp-json\/wp\/v2\/media?parent=76202"}],"wp:term":[{"taxonomy":"category","embeddable":true,"href":"https:\/\/fibrosisquistica.org\/en\/wp-json\/wp\/v2\/categories?post=76202"},{"taxonomy":"post_tag","embeddable":true,"href":"https:\/\/fibrosisquistica.org\/en\/wp-json\/wp\/v2\/tags?post=76202"}],"curies":[{"name":"wp","href":"https:\/\/api.w.org\/{rel}","templated":true}]}}