{"id":76595,"date":"2026-04-27T11:11:17","date_gmt":"2026-04-27T11:11:17","guid":{"rendered":"https:\/\/fibrosisquistica.org\/?p=76595"},"modified":"2026-04-27T11:11:20","modified_gmt":"2026-04-27T11:11:20","slug":"visita-la-web-del-dia-nacional-de-la-fibrosis-quistica-y-descubre-todas-las-actividades-que-se-organizaron-desde-las-asociaciones-de-fq","status":"publish","type":"post","link":"https:\/\/fibrosisquistica.org\/en\/visita-la-web-del-dia-nacional-de-la-fibrosis-quistica-y-descubre-todas-las-actividades-que-se-organizaron-desde-las-asociaciones-de-fq\/","title":{"rendered":"Visita la web del D\u00eda Nacional de la Fibrosis Qu\u00edstica y descubre todas las actividades que se organizaron desde las asociaciones de FQ"},"content":{"rendered":"<p>En la web del <strong>D\u00eda Nacional de la Fibrosis Qu\u00edstica <\/strong>puedes ver todas las actividades organizadas por las asociaciones en las diferentes comunidades aut\u00f3nomas, as\u00ed como una <strong><a href=\"https:\/\/dianacional.fibrosisquistica.org\/#imagenes\">galer\u00eda de im\u00e1genes<\/a><\/strong> con algunos de los momentos m\u00e1s destacados de la pasada semana, como la iluminaci\u00f3n de edificios emblem\u00e1ticos en verde y naranja.<\/p>\n\n\n\n<p>Adem\u00e1s, puedes acceder a todos los <strong>materiales publicados durante la campa\u00f1a<\/strong>, como el comunicado de prensa, el cartel y el v\u00eddeo, que este a\u00f1o ha puesto el foco en la necesidad de agilizar la financiaci\u00f3n de los tratamientos ya aprobados en Europa, para que lleguen cuanto antes a las personas que siguen esperando, as\u00ed como en la importancia de seguir impulsando la investigaci\u00f3n para aquellas que todav\u00eda no cuentan con una opci\u00f3n terap\u00e9utica eficaz.<\/p>\n\n\n\n<p class=\"has-text-align-center\"><strong>WEB &#8211; <\/strong><a href=\"https:\/\/dianacional.fibrosisquistica.org\/\" target=\"_blank\" rel=\"noreferrer noopener\"><strong>D\u00eda Nacional de la Fibrosis Qu\u00edstica 2026<\/strong><\/a><\/p>\n\n\n\n<p>Desde la Federaci\u00f3n Espa\u00f1ola de FQ <strong>queremos dar las gracias a todas las asociaciones, personas y entidades<\/strong> que se han sumado a este D\u00eda Nacional, contribuyendo a dar visibilidad a la fibrosis qu\u00edstica en todo el pa\u00eds.<\/p>\n\n\n\n<p><\/p>","protected":false},"excerpt":{"rendered":"<p>En la web del D\u00eda&#8230;<\/p>","protected":false},"author":22,"featured_media":76596,"comment_status":"closed","ping_status":"closed","sticky":false,"template":"","format":"standard","meta":{"_acf_changed":false,"footnotes":""},"categories":[72,8,77],"tags":[],"class_list":{"0":"post-76595","1":"post","2":"type-post","3":"status-publish","4":"format-standard","5":"has-post-thumbnail","7":"category-asociaciones","8":"category-federacion","9":"category-sensibilizacion"},"acf":[],"_links":{"self":[{"href":"https:\/\/fibrosisquistica.org\/en\/wp-json\/wp\/v2\/posts\/76595","targetHints":{"allow":["GET"]}}],"collection":[{"href":"https:\/\/fibrosisquistica.org\/en\/wp-json\/wp\/v2\/posts"}],"about":[{"href":"https:\/\/fibrosisquistica.org\/en\/wp-json\/wp\/v2\/types\/post"}],"author":[{"embeddable":true,"href":"https:\/\/fibrosisquistica.org\/en\/wp-json\/wp\/v2\/users\/22"}],"replies":[{"embeddable":true,"href":"https:\/\/fibrosisquistica.org\/en\/wp-json\/wp\/v2\/comments?post=76595"}],"version-history":[{"count":5,"href":"https:\/\/fibrosisquistica.org\/en\/wp-json\/wp\/v2\/posts\/76595\/revisions"}],"predecessor-version":[{"id":76602,"href":"https:\/\/fibrosisquistica.org\/en\/wp-json\/wp\/v2\/posts\/76595\/revisions\/76602"}],"wp:featuredmedia":[{"embeddable":true,"href":"https:\/\/fibrosisquistica.org\/en\/wp-json\/wp\/v2\/media\/76596"}],"wp:attachment":[{"href":"https:\/\/fibrosisquistica.org\/en\/wp-json\/wp\/v2\/media?parent=76595"}],"wp:term":[{"taxonomy":"category","embeddable":true,"href":"https:\/\/fibrosisquistica.org\/en\/wp-json\/wp\/v2\/categories?post=76595"},{"taxonomy":"post_tag","embeddable":true,"href":"https:\/\/fibrosisquistica.org\/en\/wp-json\/wp\/v2\/tags?post=76595"}],"curies":[{"name":"wp","href":"https:\/\/api.w.org\/{rel}","templated":true}]}}