{"id":76883,"date":"2026-08-31T13:28:23","date_gmt":"2026-08-31T13:28:23","guid":{"rendered":"https:\/\/fibrosisquistica.org\/?p=76883"},"modified":"2026-08-31T13:28:24","modified_gmt":"2026-08-31T13:28:24","slug":"ultimas-unidades-de-las-agendas-escolares-solidarias-de-fibrosis-quistica-2026-2027","status":"publish","type":"post","link":"https:\/\/fibrosisquistica.org\/en\/ultimas-unidades-de-las-agendas-escolares-solidarias-de-fibrosis-quistica-2026-2027\/","title":{"rendered":"\u00daltimas unidades de las agendas escolares solidarias de fibrosis qu\u00edstica 2026-2027"},"content":{"rendered":"<p>La Federaci\u00f3n Espa\u00f1ola de Fibrosis Qu\u00edstica todav\u00eda cuenta con agendas escolares solidarias para el curso 2026-2027, que pueden solicitarse durante las pr\u00f3ximas semanas\u00a0<strong>hasta agotar existencias.<\/strong><\/p>\n\n\n\n<p>Estas agendas tienen un precio de <strong>6 euros<\/strong> y se pueden adquirir a trav\u00e9s de\u00a0<a href=\"https:\/\/fibrosisquistica.org\/en\/tienda\/\" target=\"_blank\" rel=\"noreferrer noopener\">nuestra tienda solidaria<\/a>.<\/p>\n\n\n\n<p>La Federaci\u00f3n destina todos los beneficios obtenidos con la venta de estas agendas a proyectos de investigaci\u00f3n relacionados con la enfermedad.<\/p>\n\n\n\n<p><strong>\u00a1Date prisa y no te quedes sin tu agenda!<\/strong><\/p>","protected":false},"excerpt":{"rendered":"<p>La Federaci\u00f3n Espa\u00f1ola de Fibrosis&#8230;<\/p>","protected":false},"author":22,"featured_media":76635,"comment_status":"closed","ping_status":"closed","sticky":false,"template":"","format":"standard","meta":{"_acf_changed":false,"footnotes":""},"categories":[8,77],"tags":[],"class_list":{"0":"post-76883","1":"post","2":"type-post","3":"status-publish","4":"format-standard","5":"has-post-thumbnail","7":"category-federacion","8":"category-sensibilizacion"},"acf":[],"_links":{"self":[{"href":"https:\/\/fibrosisquistica.org\/en\/wp-json\/wp\/v2\/posts\/76883","targetHints":{"allow":["GET"]}}],"collection":[{"href":"https:\/\/fibrosisquistica.org\/en\/wp-json\/wp\/v2\/posts"}],"about":[{"href":"https:\/\/fibrosisquistica.org\/en\/wp-json\/wp\/v2\/types\/post"}],"author":[{"embeddable":true,"href":"https:\/\/fibrosisquistica.org\/en\/wp-json\/wp\/v2\/users\/22"}],"replies":[{"embeddable":true,"href":"https:\/\/fibrosisquistica.org\/en\/wp-json\/wp\/v2\/comments?post=76883"}],"version-history":[{"count":2,"href":"https:\/\/fibrosisquistica.org\/en\/wp-json\/wp\/v2\/posts\/76883\/revisions"}],"predecessor-version":[{"id":76885,"href":"https:\/\/fibrosisquistica.org\/en\/wp-json\/wp\/v2\/posts\/76883\/revisions\/76885"}],"wp:featuredmedia":[{"embeddable":true,"href":"https:\/\/fibrosisquistica.org\/en\/wp-json\/wp\/v2\/media\/76635"}],"wp:attachment":[{"href":"https:\/\/fibrosisquistica.org\/en\/wp-json\/wp\/v2\/media?parent=76883"}],"wp:term":[{"taxonomy":"category","embeddable":true,"href":"https:\/\/fibrosisquistica.org\/en\/wp-json\/wp\/v2\/categories?post=76883"},{"taxonomy":"post_tag","embeddable":true,"href":"https:\/\/fibrosisquistica.org\/en\/wp-json\/wp\/v2\/tags?post=76883"}],"curies":[{"name":"wp","href":"https:\/\/api.w.org\/{rel}","templated":true}]}}