{"id":76907,"date":"2026-09-03T11:26:09","date_gmt":"2026-09-03T11:26:09","guid":{"rendered":"https:\/\/fibrosisquistica.org\/?p=76907"},"modified":"2026-09-03T11:26:11","modified_gmt":"2026-09-03T11:26:11","slug":"ya-puedes-solicitar-la-loteria-de-navidad-de-la-federacion-espanola-de-fq-8","status":"publish","type":"post","link":"https:\/\/fibrosisquistica.org\/en\/ya-puedes-solicitar-la-loteria-de-navidad-de-la-federacion-espanola-de-fq-8\/","title":{"rendered":"Ya puedes solicitar la loter\u00eda de Navidad de la Federaci\u00f3n Espa\u00f1ola de FQ"},"content":{"rendered":"<p>La Federaci\u00f3n Espa\u00f1ola de Fibrosis Qu\u00edstica ya dispone de loter\u00eda de Navidad con el n\u00famero habitual&nbsp;<strong>59.412.<\/strong><\/p>\n\n\n\n<p>El precio de cada d\u00e9cimo son\u00a0<strong>24 euros<\/strong>\u00a0y se pueden recoger en la sede de la Federaci\u00f3n Espa\u00f1ola de FQ (Plaza Francisco Javier Goerlich Lle\u00f3, n\u00ba 15. CP: 46022 &#8211; Valencia) o solicitar su env\u00edo por correo certificado con un coste adicional de <strong>5,74 euros<\/strong>. Puedes contactar con la Federaci\u00f3n en el tel\u00e9fono 616 529 972 y tambi\u00e9n a trav\u00e9s del correo\u00a0<strong>info@fibrosisquistica.org.<\/strong> <\/p>\n\n\n\n<p>No te quedes sin tu loter\u00eda de Navidad.<strong>&nbsp;\u00a1Res\u00e9rvala ya y colabora con la FQ!<\/strong><\/p>","protected":false},"excerpt":{"rendered":"<p>La Federaci\u00f3n Espa\u00f1ola de Fibrosis&#8230;<\/p>","protected":false},"author":22,"featured_media":76909,"comment_status":"closed","ping_status":"closed","sticky":false,"template":"","format":"standard","meta":{"_acf_changed":false,"footnotes":""},"categories":[8],"tags":[],"class_list":{"0":"post-76907","1":"post","2":"type-post","3":"status-publish","4":"format-standard","5":"has-post-thumbnail","7":"category-federacion"},"acf":[],"_links":{"self":[{"href":"https:\/\/fibrosisquistica.org\/en\/wp-json\/wp\/v2\/posts\/76907","targetHints":{"allow":["GET"]}}],"collection":[{"href":"https:\/\/fibrosisquistica.org\/en\/wp-json\/wp\/v2\/posts"}],"about":[{"href":"https:\/\/fibrosisquistica.org\/en\/wp-json\/wp\/v2\/types\/post"}],"author":[{"embeddable":true,"href":"https:\/\/fibrosisquistica.org\/en\/wp-json\/wp\/v2\/users\/22"}],"replies":[{"embeddable":true,"href":"https:\/\/fibrosisquistica.org\/en\/wp-json\/wp\/v2\/comments?post=76907"}],"version-history":[{"count":1,"href":"https:\/\/fibrosisquistica.org\/en\/wp-json\/wp\/v2\/posts\/76907\/revisions"}],"predecessor-version":[{"id":76908,"href":"https:\/\/fibrosisquistica.org\/en\/wp-json\/wp\/v2\/posts\/76907\/revisions\/76908"}],"wp:featuredmedia":[{"embeddable":true,"href":"https:\/\/fibrosisquistica.org\/en\/wp-json\/wp\/v2\/media\/76909"}],"wp:attachment":[{"href":"https:\/\/fibrosisquistica.org\/en\/wp-json\/wp\/v2\/media?parent=76907"}],"wp:term":[{"taxonomy":"category","embeddable":true,"href":"https:\/\/fibrosisquistica.org\/en\/wp-json\/wp\/v2\/categories?post=76907"},{"taxonomy":"post_tag","embeddable":true,"href":"https:\/\/fibrosisquistica.org\/en\/wp-json\/wp\/v2\/tags?post=76907"}],"curies":[{"name":"wp","href":"https:\/\/api.w.org\/{rel}","templated":true}]}}